{"id":1815,"date":"2021-05-04T23:53:27","date_gmt":"2021-05-04T21:53:27","guid":{"rendered":"https:\/\/photographic.pl\/?p=1815"},"modified":"2021-06-16T09:31:44","modified_gmt":"2021-06-16T07:31:44","slug":"jak-dobrac-tlo-fotograficzne-do-produktu","status":"publish","type":"post","link":"https:\/\/photographic.pl\/en\/blog\/jak-dobrac-tlo-fotograficzne-do-produktu\/","title":{"rendered":"Jak dobra\u0107 t\u0142o fotograficzne do produktu"},"content":{"rendered":"<p>Aby zdj\u0119cia r\u00f3\u017cnych produkt\u00f3w wykonywane w <a href=\"\/en\/\">studiu fotograficznym<\/a> by\u0142y wyra\u017ane, wiernie oddawa\u0142y kolory oraz eksponowa\u0142y wszystkie szczeg\u00f3\u0142y, musz\u0105 by\u0107 spe\u0142nione okre\u015blone wymagania. Niezwykle wa\u017cnym elementem udanej fotografii produktowej jest w\u0142a\u015bciwe o\u015bwietlenie i t\u0142o fotograficzne. Dzi\u0119ki odpowiedniemu t\u0142u mo\u017cna mie\u0107 wi\u0119ksz\u0105 kontrol\u0119 nad barwami, \u015bwiat\u0142em i cieniami. Nie nale\u017cy zapomina\u0107, \u017ce t\u0142o tworzy te\u017c specyficzn\u0105 atmosfer\u0119 zdj\u0119cia i pozwala wyeksponowa\u0107 wszystkie detale fotografowanego przedmiotu.<\/p>\n\n\n\n<!--more-->\n\n\n\n<h2 class=\"wp-block-heading\"><br><strong>Jakie s\u0105 podstawowe rodzaje te\u0142 fotograficznych?<\/strong><\/h2>\n\n\n\n<p><br>Wyr\u00f3\u017cniamy kilka podstawowych rodzaj\u00f3w profesjonalnych te\u0142 fotograficznych. Ka\u017cde z nich ma inne cechy charakterystyczne i nadaje si\u0119 do innego typu zdj\u0119\u0107.<\/p>\n\n\n\n<ul class=\"wp-block-list\"><li><strong>T\u0142a polipropylenowe<\/strong><br>T\u0142a tego typu wyr\u00f3\u017cniaj\u0105 si\u0119 trwa\u0142o\u015bci\u0105 i wytrzyma\u0142o\u015bci\u0105. Nie straszna im wilgo\u0107 i woda, s\u0105 r\u00f3wnie\u017c odporne na uszkodzenia mechaniczne. S\u0105 do\u015b\u0107 sztywne, przez co mog\u0105 by\u0107 k\u0142opotliwe w uk\u0142adaniu. Ich powierzchnia mo\u017ce si\u0119 nieestetycznie marszczy\u0107 i falowa\u0107. Cechy te sprawiaj\u0105, \u017ce nie s\u0105 to t\u0142a, kt\u00f3re mo\u017cna wykorzystywa\u0107 do robienia zdj\u0119\u0107 z mocnym o\u015bwietleniem i du\u017c\u0105 g\u0142\u0119bi\u0105 ostro\u015bci.<\/li><\/ul>\n\n\n\n<ul class=\"wp-block-list\"><li><strong>T\u0142a winylowe<\/strong><br>To niezwykle trwa\u0142e i odporne na dzia\u0142anie r\u00f3\u017cnych czynnik\u00f3w zewn\u0119trznych t\u0142a. W por\u00f3wnaniu z t\u0142ami polipropylenowymi nie gniot\u0105 si\u0119, a wi\u0119c uk\u0142adanie ich jest proste. Nie przepuszczaj\u0105 \u015bwiat\u0142a. S\u0105 odporne na dzia\u0142anie wilgoci i wody. Dzi\u0119ki tym cechom t\u0142a winylowe s\u0105 niezwykle praktyczne i nadaj\u0105 si\u0119 do r\u00f3\u017cnych sesji.<\/li><\/ul>\n\n\n\n<ul class=\"wp-block-list\"><li><strong>T\u0142a tekstylne<\/strong><br>T\u0142a tego typu wykonane s\u0105 ze specjalistycznych materia\u0142\u00f3w, kt\u00f3re charakteryzuj\u0105 si\u0119 nieregularn\u0105 struktur\u0105. Zastosowanie t\u0142a tekstylnego sprawi, \u017ce \u015bwiat\u0142o b\u0142yskowe zostanie poch\u0142oni\u0119te i nie powstan\u0105 \u017cadne refleksy.<\/li><\/ul>\n\n\n\n<ul class=\"wp-block-list\"><li><strong>T\u0142a kartonowe<\/strong><br>T\u0142a kartonowe to bardzo tania propozycja. Charakteryzuj\u0105 si\u0119 niewielk\u0105 mas\u0105 oraz matow\u0105 powierzchni\u0105. S\u0105 bardzo sztywne, a ich struktura jest r\u00f3wnomierna. Niestety szybko si\u0119 niszcz\u0105, poniewa\u017c karton nie jest odporny na uszkodzenia mechaniczne i dzia\u0142anie wilgoci. Stosowanie takiego t\u0142a wi\u0105\u017ce si\u0119 wi\u0119c z konieczno\u015bci\u0105 jego cz\u0119stej wymiany.<\/li><\/ul>\n\n\n\n<ul class=\"wp-block-list\"><li><strong>T\u0142a plastikowe<\/strong><br>Wyst\u0119puj\u0105 w wersji matowej i z wysokim po\u0142yskiem. Dzi\u0119ki ich zastosowaniu mo\u017cna wykonywa\u0107 najwy\u017cszej jako\u015bci zdj\u0119cia portretowe oraz produktowe. S\u0105 lekkie, trwa\u0142e i odporne na dzia\u0142anie czynnik\u00f3w zewn\u0119trznych. Doskonale poddaj\u0105 si\u0119 czyszczeniu.<\/li><\/ul>\n\n\n\n<h2 class=\"wp-block-heading\"><strong>Jakie t\u0142o fotograficzne jest najlepsze do fotografii produktowej?<\/strong><\/h2>\n\n\n\n<p><br>In <a href=\"https:\/\/photographic.pl\/en\/oferta\/fotografia-produktowa\/\">product photography<\/a> doskonale sprawdzaj\u0105 si\u0119 <strong>t\u0142a winylowe<\/strong>. Ich delikatna struktura sprawia, \u017ce \u015bwiat\u0142o odbija si\u0119 od ich powierzchni w bardzo subtelny spos\u00f3b. Zdj\u0119cia wykonane przy u\u017cyciu t\u0142a winylowego maj\u0105 efekt naturalnego odb\u0142ysku, czyli \u015bwiat\u0142o na nich jest optymalnie rozproszone, a fotografia jest pozbawiona bezpo\u015brednich odbi\u0107. Winyl to tworzywo trwa\u0142e, nie niszczy si\u0119 nawet wtedy, gdy jest wystawione na dzia\u0142anie wody albo wilgoci. Mo\u017cna je bez problemu czy\u015bci\u0107 na mokro, wi\u0119c ich du\u017c\u0105 zalet\u0105 jest mo\u017cliwo\u015b\u0107 wielokrotnego wykorzystywania.&nbsp;<\/p>\n\n\n\n<p><br>Kolejnym t\u0142em, kt\u00f3re \u015bwietnie nadaje si\u0119 do wykonywania zdj\u0119\u0107 produkt\u00f3w, jest <strong>t\u0142o plastikowe<\/strong>. Stosuje si\u0119 je g\u0142\u00f3wnie w namiotach bezcieniowych oraz na sto\u0142ach bezcieniowych. Wa\u017c\u0105 niewiele i mo\u017cna je dowolnie docina\u0107, dostosowuj\u0105c je do wymaga\u0144 konkretnej sesji zdj\u0119ciowej. Do wyboru s\u0105 t\u0142a plastikowe matowe oraz z wysokim po\u0142yskiem. Te pierwsze doskonale redukuj\u0105 refleksy, te drugie za\u015b umo\u017cliwiaj\u0105 stworzenie zdj\u0119\u0107 z delikatnym odbiciem fotografowanego przedmiotu. Tego typu t\u0142a przepuszczaj\u0105 \u015bwiat\u0142o w niewielkim stopniu, dzi\u0119ki czemu mo\u017cna je prze\u015bwietla\u0107.<\/p>\n\n\n\n<p><br>W fotografii produktowej najcz\u0119\u015bciej wykorzystywane s\u0105 t\u0142a w kolorze bia\u0142ym, kt\u00f3ry pozwala wydoby\u0107 wszystkie szczeg\u00f3\u0142y przedmiotu. Inne barwy t\u0142a s\u0105 zazwyczaj usuwane na etapie postprodukcji. T\u0142o musi u\u0142atwia\u0107 rzetelne i wierne odwzorowanie wszystkich cech fotografowanego produktu, dlatego jego wyb\u00f3r jest bardzo istotny.<\/p>","protected":false},"excerpt":{"rendered":"<p>Aby zdj\u0119cia r\u00f3\u017cnych produkt\u00f3w wykonywane w studiu fotograficznym by\u0142y wyra\u017ane, wiernie oddawa\u0142y kolory oraz eksponowa\u0142y wszystkie szczeg\u00f3\u0142y, musz\u0105 by\u0107 spe\u0142nione okre\u015blone wymagania. Niezwykle wa\u017cnym elementem udanej fotografii produktowej jest w\u0142a\u015bciwe o\u015bwietlenie i t\u0142o fotograficzne. Dzi\u0119ki odpowiedniemu t\u0142u mo\u017cna mie\u0107 wi\u0119ksz\u0105 kontrol\u0119 nad barwami, \u015bwiat\u0142em i cieniami. Nie nale\u017cy zapomina\u0107, \u017ce t\u0142o tworzy te\u017c specyficzn\u0105 atmosfer\u0119 [&hellip;]<\/p>\n","protected":false},"author":1,"featured_media":1816,"comment_status":"closed","ping_status":"open","sticky":false,"template":"","format":"standard","meta":{"site-sidebar-layout":"default","site-content-layout":"default","ast-site-content-layout":"default","site-content-style":"default","site-sidebar-style":"default","ast-global-header-display":"","ast-banner-title-visibility":"","ast-main-header-display":"","ast-hfb-above-header-display":"","ast-hfb-below-header-display":"","ast-hfb-mobile-header-display":"","site-post-title":"","ast-breadcrumbs-content":"","ast-featured-img":"","footer-sml-layout":"","ast-disable-related-posts":"","theme-transparent-header-meta":"default","adv-header-id-meta":"","stick-header-meta":"default","header-above-stick-meta":"","header-main-stick-meta":"","header-below-stick-meta":"","astra-migrate-meta-layouts":"default","ast-page-background-enabled":"default","ast-page-background-meta":{"desktop":{"background-color":"","background-image":"","background-repeat":"repeat","background-position":"center center","background-size":"auto","background-attachment":"scroll","background-type":"","background-media":"","overlay-type":"","overlay-color":"","overlay-opacity":"","overlay-gradient":""},"tablet":{"background-color":"","background-image":"","background-repeat":"repeat","background-position":"center center","background-size":"auto","background-attachment":"scroll","background-type":"","background-media":"","overlay-type":"","overlay-color":"","overlay-opacity":"","overlay-gradient":""},"mobile":{"background-color":"","background-image":"","background-repeat":"repeat","background-position":"center center","background-size":"auto","background-attachment":"scroll","background-type":"","background-media":"","overlay-type":"","overlay-color":"","overlay-opacity":"","overlay-gradient":""}},"ast-content-background-meta":{"desktop":{"background-color":"var(--ast-global-color-5)","background-image":"","background-repeat":"repeat","background-position":"center center","background-size":"auto","background-attachment":"scroll","background-type":"","background-media":"","overlay-type":"","overlay-color":"","overlay-opacity":"","overlay-gradient":""},"tablet":{"background-color":"var(--ast-global-color-5)","background-image":"","background-repeat":"repeat","background-position":"center center","background-size":"auto","background-attachment":"scroll","background-type":"","background-media":"","overlay-type":"","overlay-color":"","overlay-opacity":"","overlay-gradient":""},"mobile":{"background-color":"var(--ast-global-color-5)","background-image":"","background-repeat":"repeat","background-position":"center center","background-size":"auto","background-attachment":"scroll","background-type":"","background-media":"","overlay-type":"","overlay-color":"","overlay-opacity":"","overlay-gradient":""}},"footnotes":""},"categories":[21],"tags":[],"class_list":["post-1815","post","type-post","status-publish","format-standard","has-post-thumbnail","hentry","category-blog"],"yoast_head":"<!-- This site is optimized with the Yoast SEO plugin v27.4 - https:\/\/yoast.com\/product\/yoast-seo-wordpress\/ -->\n<title>Jakie t\u0142a fotograficzne sprawdzaj\u0105 si\u0119 w fotografii produktowej?<\/title>\n<meta name=\"description\" content=\"Sprawdzamy, na co nale\u017cy zwraca\u0107 uwag\u0119, wybieraj\u0105c odpowiednie t\u0142o do fotografii produktowej! Jakie s\u0105 rodzaje te\u0142 i czym si\u0119 charakteryzuj\u0105?\" \/>\n<meta name=\"robots\" content=\"index, follow, max-snippet:-1, max-image-preview:large, max-video-preview:-1\" \/>\n<link rel=\"canonical\" href=\"https:\/\/photographic.pl\/en\/blog\/jak-dobrac-tlo-fotograficzne-do-produktu\/\" \/>\n<meta property=\"og:locale\" content=\"en_GB\" \/>\n<meta property=\"og:type\" content=\"article\" \/>\n<meta property=\"og:title\" content=\"Jakie t\u0142a fotograficzne sprawdzaj\u0105 si\u0119 w fotografii produktowej?\" \/>\n<meta property=\"og:description\" content=\"Sprawdzamy, na co nale\u017cy zwraca\u0107 uwag\u0119, wybieraj\u0105c odpowiednie t\u0142o do fotografii produktowej! Jakie s\u0105 rodzaje te\u0142 i czym si\u0119 charakteryzuj\u0105?\" \/>\n<meta property=\"og:url\" content=\"https:\/\/photographic.pl\/en\/blog\/jak-dobrac-tlo-fotograficzne-do-produktu\/\" \/>\n<meta property=\"og:site_name\" content=\"photographic.pl\" \/>\n<meta property=\"article:publisher\" content=\"https:\/\/www.facebook.com\/FotografiaProduktowaReklamowa\" \/>\n<meta property=\"article:published_time\" content=\"2021-05-04T21:53:27+00:00\" \/>\n<meta property=\"article:modified_time\" content=\"2021-06-16T07:31:44+00:00\" \/>\n<meta property=\"og:image\" content=\"https:\/\/photographic.pl\/wp-content\/uploads\/2021\/05\/tlo-fotograficzne.jpg\" \/>\n\t<meta property=\"og:image:width\" content=\"2120\" \/>\n\t<meta property=\"og:image:height\" content=\"1414\" \/>\n\t<meta property=\"og:image:type\" content=\"image\/jpeg\" \/>\n<meta name=\"author\" content=\"Andrzej Paszkowski\" \/>\n<meta name=\"twitter:card\" content=\"summary_large_image\" \/>\n<meta name=\"twitter:label1\" content=\"Written by\" \/>\n\t<meta name=\"twitter:data1\" content=\"Andrzej Paszkowski\" \/>\n\t<meta name=\"twitter:label2\" content=\"Estimated reading time\" \/>\n\t<meta name=\"twitter:data2\" content=\"3 minutes\" \/>\n<script type=\"application\/ld+json\" class=\"yoast-schema-graph\">{\"@context\":\"https:\\\/\\\/schema.org\",\"@graph\":[{\"@type\":\"Article\",\"@id\":\"https:\\\/\\\/photographic.pl\\\/en\\\/blog\\\/jak-dobrac-tlo-fotograficzne-do-produktu\\\/#article\",\"isPartOf\":{\"@id\":\"https:\\\/\\\/photographic.pl\\\/en\\\/blog\\\/jak-dobrac-tlo-fotograficzne-do-produktu\\\/\"},\"author\":{\"name\":\"Andrzej Paszkowski\",\"@id\":\"https:\\\/\\\/photographic.pl\\\/#\\\/schema\\\/person\\\/9239a21adc06b4a72960b9ad5644da2c\"},\"headline\":\"Jak dobra\u0107 t\u0142o fotograficzne do produktu\",\"datePublished\":\"2021-05-04T21:53:27+00:00\",\"dateModified\":\"2021-06-16T07:31:44+00:00\",\"mainEntityOfPage\":{\"@id\":\"https:\\\/\\\/photographic.pl\\\/en\\\/blog\\\/jak-dobrac-tlo-fotograficzne-do-produktu\\\/\"},\"wordCount\":658,\"publisher\":{\"@id\":\"https:\\\/\\\/photographic.pl\\\/#organization\"},\"image\":{\"@id\":\"https:\\\/\\\/photographic.pl\\\/en\\\/blog\\\/jak-dobrac-tlo-fotograficzne-do-produktu\\\/#primaryimage\"},\"thumbnailUrl\":\"https:\\\/\\\/photographic.pl\\\/wp-content\\\/uploads\\\/2021\\\/05\\\/tlo-fotograficzne.jpg\",\"articleSection\":[\"Blog\"],\"inLanguage\":\"en-GB\"},{\"@type\":\"WebPage\",\"@id\":\"https:\\\/\\\/photographic.pl\\\/en\\\/blog\\\/jak-dobrac-tlo-fotograficzne-do-produktu\\\/\",\"url\":\"https:\\\/\\\/photographic.pl\\\/en\\\/blog\\\/jak-dobrac-tlo-fotograficzne-do-produktu\\\/\",\"name\":\"Jakie t\u0142a fotograficzne sprawdzaj\u0105 si\u0119 w fotografii produktowej?\",\"isPartOf\":{\"@id\":\"https:\\\/\\\/photographic.pl\\\/#website\"},\"primaryImageOfPage\":{\"@id\":\"https:\\\/\\\/photographic.pl\\\/en\\\/blog\\\/jak-dobrac-tlo-fotograficzne-do-produktu\\\/#primaryimage\"},\"image\":{\"@id\":\"https:\\\/\\\/photographic.pl\\\/en\\\/blog\\\/jak-dobrac-tlo-fotograficzne-do-produktu\\\/#primaryimage\"},\"thumbnailUrl\":\"https:\\\/\\\/photographic.pl\\\/wp-content\\\/uploads\\\/2021\\\/05\\\/tlo-fotograficzne.jpg\",\"datePublished\":\"2021-05-04T21:53:27+00:00\",\"dateModified\":\"2021-06-16T07:31:44+00:00\",\"description\":\"Sprawdzamy, na co nale\u017cy zwraca\u0107 uwag\u0119, wybieraj\u0105c odpowiednie t\u0142o do fotografii produktowej! Jakie s\u0105 rodzaje te\u0142 i czym si\u0119 charakteryzuj\u0105?\",\"breadcrumb\":{\"@id\":\"https:\\\/\\\/photographic.pl\\\/en\\\/blog\\\/jak-dobrac-tlo-fotograficzne-do-produktu\\\/#breadcrumb\"},\"inLanguage\":\"en-GB\",\"potentialAction\":[{\"@type\":\"ReadAction\",\"target\":[\"https:\\\/\\\/photographic.pl\\\/en\\\/blog\\\/jak-dobrac-tlo-fotograficzne-do-produktu\\\/\"]}]},{\"@type\":\"ImageObject\",\"inLanguage\":\"en-GB\",\"@id\":\"https:\\\/\\\/photographic.pl\\\/en\\\/blog\\\/jak-dobrac-tlo-fotograficzne-do-produktu\\\/#primaryimage\",\"url\":\"https:\\\/\\\/photographic.pl\\\/wp-content\\\/uploads\\\/2021\\\/05\\\/tlo-fotograficzne.jpg\",\"contentUrl\":\"https:\\\/\\\/photographic.pl\\\/wp-content\\\/uploads\\\/2021\\\/05\\\/tlo-fotograficzne.jpg\",\"width\":2120,\"height\":1414,\"caption\":\"t\u0142o fotograficzne\"},{\"@type\":\"BreadcrumbList\",\"@id\":\"https:\\\/\\\/photographic.pl\\\/en\\\/blog\\\/jak-dobrac-tlo-fotograficzne-do-produktu\\\/#breadcrumb\",\"itemListElement\":[{\"@type\":\"ListItem\",\"position\":1,\"name\":\"Strona g\u0142\u00f3wna\",\"item\":\"https:\\\/\\\/photographic.pl\\\/\"},{\"@type\":\"ListItem\",\"position\":2,\"name\":\"Jak dobra\u0107 t\u0142o fotograficzne do produktu\"}]},{\"@type\":\"WebSite\",\"@id\":\"https:\\\/\\\/photographic.pl\\\/#website\",\"url\":\"https:\\\/\\\/photographic.pl\\\/\",\"name\":\"photographic.pl\",\"description\":\"Fotografia produktowa i reklamowa\",\"publisher\":{\"@id\":\"https:\\\/\\\/photographic.pl\\\/#organization\"},\"potentialAction\":[{\"@type\":\"SearchAction\",\"target\":{\"@type\":\"EntryPoint\",\"urlTemplate\":\"https:\\\/\\\/photographic.pl\\\/?s={search_term_string}\"},\"query-input\":{\"@type\":\"PropertyValueSpecification\",\"valueRequired\":true,\"valueName\":\"search_term_string\"}}],\"inLanguage\":\"en-GB\"},{\"@type\":\"Organization\",\"@id\":\"https:\\\/\\\/photographic.pl\\\/#organization\",\"name\":\"photographic.pl\",\"url\":\"https:\\\/\\\/photographic.pl\\\/\",\"logo\":{\"@type\":\"ImageObject\",\"inLanguage\":\"en-GB\",\"@id\":\"https:\\\/\\\/photographic.pl\\\/#\\\/schema\\\/logo\\\/image\\\/\",\"url\":\"https:\\\/\\\/photographic.pl\\\/wp-content\\\/uploads\\\/2020\\\/06\\\/photographic-logo-dark@.svg\",\"contentUrl\":\"https:\\\/\\\/photographic.pl\\\/wp-content\\\/uploads\\\/2020\\\/06\\\/photographic-logo-dark@.svg\",\"width\":1457,\"height\":190,\"caption\":\"photographic.pl\"},\"image\":{\"@id\":\"https:\\\/\\\/photographic.pl\\\/#\\\/schema\\\/logo\\\/image\\\/\"},\"sameAs\":[\"https:\\\/\\\/www.facebook.com\\\/FotografiaProduktowaReklamowa\",\"https:\\\/\\\/www.instagram.com\\\/photographic.pl_official\\\/\",\"https:\\\/\\\/www.linkedin.com\\\/company\\\/26187785\"]},{\"@type\":\"Person\",\"@id\":\"https:\\\/\\\/photographic.pl\\\/#\\\/schema\\\/person\\\/9239a21adc06b4a72960b9ad5644da2c\",\"name\":\"Andrzej Paszkowski\"}]}<\/script>\n<!-- \/ Yoast SEO plugin. -->","yoast_head_json":{"title":"Jakie t\u0142a fotograficzne sprawdzaj\u0105 si\u0119 w fotografii produktowej?","description":"Sprawdzamy, na co nale\u017cy zwraca\u0107 uwag\u0119, wybieraj\u0105c odpowiednie t\u0142o do fotografii produktowej! Jakie s\u0105 rodzaje te\u0142 i czym si\u0119 charakteryzuj\u0105?","robots":{"index":"index","follow":"follow","max-snippet":"max-snippet:-1","max-image-preview":"max-image-preview:large","max-video-preview":"max-video-preview:-1"},"canonical":"https:\/\/photographic.pl\/en\/blog\/jak-dobrac-tlo-fotograficzne-do-produktu\/","og_locale":"en_GB","og_type":"article","og_title":"Jakie t\u0142a fotograficzne sprawdzaj\u0105 si\u0119 w fotografii produktowej?","og_description":"Sprawdzamy, na co nale\u017cy zwraca\u0107 uwag\u0119, wybieraj\u0105c odpowiednie t\u0142o do fotografii produktowej! Jakie s\u0105 rodzaje te\u0142 i czym si\u0119 charakteryzuj\u0105?","og_url":"https:\/\/photographic.pl\/en\/blog\/jak-dobrac-tlo-fotograficzne-do-produktu\/","og_site_name":"photographic.pl","article_publisher":"https:\/\/www.facebook.com\/FotografiaProduktowaReklamowa","article_published_time":"2021-05-04T21:53:27+00:00","article_modified_time":"2021-06-16T07:31:44+00:00","og_image":[{"width":2120,"height":1414,"url":"https:\/\/photographic.pl\/wp-content\/uploads\/2021\/05\/tlo-fotograficzne.jpg","type":"image\/jpeg"}],"author":"Andrzej Paszkowski","twitter_card":"summary_large_image","twitter_misc":{"Written by":"Andrzej Paszkowski","Estimated reading time":"3 minutes"},"schema":{"@context":"https:\/\/schema.org","@graph":[{"@type":"Article","@id":"https:\/\/photographic.pl\/en\/blog\/jak-dobrac-tlo-fotograficzne-do-produktu\/#article","isPartOf":{"@id":"https:\/\/photographic.pl\/en\/blog\/jak-dobrac-tlo-fotograficzne-do-produktu\/"},"author":{"name":"Andrzej Paszkowski","@id":"https:\/\/photographic.pl\/#\/schema\/person\/9239a21adc06b4a72960b9ad5644da2c"},"headline":"Jak dobra\u0107 t\u0142o fotograficzne do produktu","datePublished":"2021-05-04T21:53:27+00:00","dateModified":"2021-06-16T07:31:44+00:00","mainEntityOfPage":{"@id":"https:\/\/photographic.pl\/en\/blog\/jak-dobrac-tlo-fotograficzne-do-produktu\/"},"wordCount":658,"publisher":{"@id":"https:\/\/photographic.pl\/#organization"},"image":{"@id":"https:\/\/photographic.pl\/en\/blog\/jak-dobrac-tlo-fotograficzne-do-produktu\/#primaryimage"},"thumbnailUrl":"https:\/\/photographic.pl\/wp-content\/uploads\/2021\/05\/tlo-fotograficzne.jpg","articleSection":["Blog"],"inLanguage":"en-GB"},{"@type":"WebPage","@id":"https:\/\/photographic.pl\/en\/blog\/jak-dobrac-tlo-fotograficzne-do-produktu\/","url":"https:\/\/photographic.pl\/en\/blog\/jak-dobrac-tlo-fotograficzne-do-produktu\/","name":"Jakie t\u0142a fotograficzne sprawdzaj\u0105 si\u0119 w fotografii produktowej?","isPartOf":{"@id":"https:\/\/photographic.pl\/#website"},"primaryImageOfPage":{"@id":"https:\/\/photographic.pl\/en\/blog\/jak-dobrac-tlo-fotograficzne-do-produktu\/#primaryimage"},"image":{"@id":"https:\/\/photographic.pl\/en\/blog\/jak-dobrac-tlo-fotograficzne-do-produktu\/#primaryimage"},"thumbnailUrl":"https:\/\/photographic.pl\/wp-content\/uploads\/2021\/05\/tlo-fotograficzne.jpg","datePublished":"2021-05-04T21:53:27+00:00","dateModified":"2021-06-16T07:31:44+00:00","description":"Sprawdzamy, na co nale\u017cy zwraca\u0107 uwag\u0119, wybieraj\u0105c odpowiednie t\u0142o do fotografii produktowej! Jakie s\u0105 rodzaje te\u0142 i czym si\u0119 charakteryzuj\u0105?","breadcrumb":{"@id":"https:\/\/photographic.pl\/en\/blog\/jak-dobrac-tlo-fotograficzne-do-produktu\/#breadcrumb"},"inLanguage":"en-GB","potentialAction":[{"@type":"ReadAction","target":["https:\/\/photographic.pl\/en\/blog\/jak-dobrac-tlo-fotograficzne-do-produktu\/"]}]},{"@type":"ImageObject","inLanguage":"en-GB","@id":"https:\/\/photographic.pl\/en\/blog\/jak-dobrac-tlo-fotograficzne-do-produktu\/#primaryimage","url":"https:\/\/photographic.pl\/wp-content\/uploads\/2021\/05\/tlo-fotograficzne.jpg","contentUrl":"https:\/\/photographic.pl\/wp-content\/uploads\/2021\/05\/tlo-fotograficzne.jpg","width":2120,"height":1414,"caption":"t\u0142o fotograficzne"},{"@type":"BreadcrumbList","@id":"https:\/\/photographic.pl\/en\/blog\/jak-dobrac-tlo-fotograficzne-do-produktu\/#breadcrumb","itemListElement":[{"@type":"ListItem","position":1,"name":"Strona g\u0142\u00f3wna","item":"https:\/\/photographic.pl\/"},{"@type":"ListItem","position":2,"name":"Jak dobra\u0107 t\u0142o fotograficzne do produktu"}]},{"@type":"WebSite","@id":"https:\/\/photographic.pl\/#website","url":"https:\/\/photographic.pl\/","name":"photographic.pl","description":"Product and Advertising Photography","publisher":{"@id":"https:\/\/photographic.pl\/#organization"},"potentialAction":[{"@type":"SearchAction","target":{"@type":"EntryPoint","urlTemplate":"https:\/\/photographic.pl\/?s={search_term_string}"},"query-input":{"@type":"PropertyValueSpecification","valueRequired":true,"valueName":"search_term_string"}}],"inLanguage":"en-GB"},{"@type":"Organization","@id":"https:\/\/photographic.pl\/#organization","name":"photographic.pl","url":"https:\/\/photographic.pl\/","logo":{"@type":"ImageObject","inLanguage":"en-GB","@id":"https:\/\/photographic.pl\/#\/schema\/logo\/image\/","url":"https:\/\/photographic.pl\/wp-content\/uploads\/2020\/06\/photographic-logo-dark@.svg","contentUrl":"https:\/\/photographic.pl\/wp-content\/uploads\/2020\/06\/photographic-logo-dark@.svg","width":1457,"height":190,"caption":"photographic.pl"},"image":{"@id":"https:\/\/photographic.pl\/#\/schema\/logo\/image\/"},"sameAs":["https:\/\/www.facebook.com\/FotografiaProduktowaReklamowa","https:\/\/www.instagram.com\/photographic.pl_official\/","https:\/\/www.linkedin.com\/company\/26187785"]},{"@type":"Person","@id":"https:\/\/photographic.pl\/#\/schema\/person\/9239a21adc06b4a72960b9ad5644da2c","name":"Andrzej Paszkowski"}]}},"_links":{"self":[{"href":"https:\/\/photographic.pl\/en\/wp-json\/wp\/v2\/posts\/1815","targetHints":{"allow":["GET"]}}],"collection":[{"href":"https:\/\/photographic.pl\/en\/wp-json\/wp\/v2\/posts"}],"about":[{"href":"https:\/\/photographic.pl\/en\/wp-json\/wp\/v2\/types\/post"}],"author":[{"embeddable":true,"href":"https:\/\/photographic.pl\/en\/wp-json\/wp\/v2\/users\/1"}],"replies":[{"embeddable":true,"href":"https:\/\/photographic.pl\/en\/wp-json\/wp\/v2\/comments?post=1815"}],"version-history":[{"count":2,"href":"https:\/\/photographic.pl\/en\/wp-json\/wp\/v2\/posts\/1815\/revisions"}],"predecessor-version":[{"id":1847,"href":"https:\/\/photographic.pl\/en\/wp-json\/wp\/v2\/posts\/1815\/revisions\/1847"}],"wp:featuredmedia":[{"embeddable":true,"href":"https:\/\/photographic.pl\/en\/wp-json\/wp\/v2\/media\/1816"}],"wp:attachment":[{"href":"https:\/\/photographic.pl\/en\/wp-json\/wp\/v2\/media?parent=1815"}],"wp:term":[{"taxonomy":"category","embeddable":true,"href":"https:\/\/photographic.pl\/en\/wp-json\/wp\/v2\/categories?post=1815"},{"taxonomy":"post_tag","embeddable":true,"href":"https:\/\/photographic.pl\/en\/wp-json\/wp\/v2\/tags?post=1815"}],"curies":[{"name":"wp","href":"https:\/\/api.w.org\/{rel}","templated":true}]}}