{"id":1722,"date":"2020-12-08T15:49:00","date_gmt":"2020-12-08T14:49:00","guid":{"rendered":"https:\/\/photographic.pl\/?p=1722"},"modified":"2021-09-28T15:43:53","modified_gmt":"2021-09-28T13:43:53","slug":"czym-sie-kierowac-szukajac-dobrego-fotografa","status":"publish","type":"post","link":"https:\/\/photographic.pl\/en\/blog\/czym-sie-kierowac-szukajac-dobrego-fotografa\/","title":{"rendered":"Czym si\u0119 kierowa\u0107 szukaj\u0105c dobrego fotografa"},"content":{"rendered":"<p>Planuj\u0105c od\u015bwie\u017cenie wizerunku sklepu internetowego czy strony deweloperskiej, stajemy przed konieczno\u015bci\u0105 wyboru fotografa, kt\u00f3ry ma nam w tym pom\u00f3c. Jakie czynniki nale\u017cy wzi\u0105\u0107 pod uwag\u0119 podczas poszukiwa\u0144, by uzyska\u0107 rezultat w postaci profesjonalnej i satysfakcjonuj\u0105cej sesji zdj\u0119ciowej?<\/p>\r\n\r\n\r\n\r\n<p><!--more--><\/p>\r\n\r\n\r\n\r\n<h2 class=\"wp-block-heading\"><strong>Jak znale\u017a\u0107 idealnego fotografa?<\/strong><\/h2>\r\n\r\n\r\n\r\n<p>Je\u017celi chcemy, by zlecona sesja pod ka\u017cdym wzgl\u0119dem spe\u0142nia\u0142a nasze wymagania, <strong>powinni\u015bmy przede wszystkim zastanowi\u0107 si\u0119, jakiego rodzaju us\u0142ug potrzebujemy<\/strong>. Postarajmy si\u0119 ju\u017c na etapie dokonywania wyboru jak najdok\u0142adniej okre\u015bli\u0107 nasze oczekiwania. Warto przy tym rozwa\u017cy\u0107 nast\u0119puj\u0105ce czynniki:<\/p>\r\n\r\n\r\n\r\n<ul class=\"wp-block-list\">\r\n<li>do\u015bwiadczenie interesuj\u0105cego nas fotografa,<\/li>\r\n<li>preferowany typ sesji fotograficznej (np. produktowa, biznesowa, reklamowa itp.),<\/li>\r\n<li>przeznaczenie zdj\u0119\u0107 (np. strona internetowa, billboardy czy katalog produkt\u00f3w),<\/li>\r\n<li>charakter i planowany odbi\u00f3r zdj\u0119\u0107.<\/li>\r\n<\/ul>\r\n\r\n\r\n\r\n<p>W dobie cyfryzacji profesja fotografa znacznie zyska\u0142a na popularno\u015bci. Niestety, negatywnym skutkiem tej sytuacji jest mnogo\u015b\u0107 obecnych w Internecie ofert, kt\u00f3re nierzadko pochodz\u0105 od os\u00f3b niekompetentnych i polegaj\u0105cych jedynie na nowoczesnym sprz\u0119cie. Tymczasem, cho\u0107 ten ostatni element ma istotne znaczenie, <strong>r\u00f3wnie wa\u017cne s\u0105<\/strong> <strong>wykszta\u0142cenie i do\u015bwiadczenie fotografa, a tak\u017ce jego wyczucie i kreatywno\u015b\u0107<\/strong>.<\/p>\r\n\r\n\r\n\r\n<p>Powinni\u015bmy ponadto zwr\u00f3ci\u0107 uwag\u0119 na to, jak szeroki jest zakres us\u0142ug w interesuj\u0105cej nas ofercie. Starajmy si\u0119 unika\u0107 fotograf\u00f3w przyjmuj\u0105cych ka\u017cdy rodzaj zlecenia, gdy\u017c ich umiej\u0119tno\u015bci mog\u0105 by\u0107 powierzchowne. Us\u0142ugi profesjonalisty specjalizuj\u0105cego si\u0119 w kilku konkretnych typach fotografii, takich jak np. <a href=\"https:\/\/photographic.pl\/en\/oferta\/packshoty\/\">Packshots<\/a> czy fotografia wn\u0119trz, to gwarancja <strong>skutecznej prezentacji obiektu czy produktu.<\/strong><\/p>\r\n\r\n\r\n\r\n<p>Warto r\u00f3wnie\u017c sprawdzi\u0107 opini\u0119 danego studia w Internecie.<\/p>\r\n\r\n\r\n\r\n<h2 class=\"wp-block-heading\"><strong>Co powinno zaniepokoi\u0107 nas w ofercie fotografa?<\/strong><\/h2>\r\n\r\n\r\n\r\n<p>Sygna\u0142em, kt\u00f3ry powinien powstrzyma\u0107 nas przed zatrudnieniem fotografa, jest <strong>zr\u00f3\u017cnicowana jako\u015b\u0107 prezentowanych przez niego zdj\u0119\u0107<\/strong>. Je\u017celi obok profesjonalnych i wykonanych z wyra\u017an\u0105 wpraw\u0105 kompozycji widzimy takie, kt\u00f3re \u015bwiadcz\u0105 o miernym do\u015bwiadczeniu i umiej\u0119tno\u015bciach, mo\u017ce by\u0107 to znak, \u017ce portfolio zawiera kradzione zdj\u0119cia.<\/p>\r\n\r\n\r\n\r\n<p>Innym czynnikiem, kt\u00f3ry powinien wzbudzi\u0107 nasz\u0105 czujno\u015b\u0107, jest zbyt niska cena us\u0142ug fotografa. Cho\u0107 zazwyczaj staramy si\u0119 szuka\u0107 w\u015br\u00f3d jak najta\u0144szych ofert, mo\u017cemy w ten spos\u00f3b trafi\u0107 na osob\u0119, kt\u00f3ra nie b\u0119dzie w stanie spe\u0142ni\u0107 naszych oczekiwa\u0144. Pami\u0119tajmy, \u017ce <strong>na wysok\u0105 cen\u0119 sesji zdj\u0119ciowej sk\u0142adaj\u0105 si\u0119 umiej\u0119tno\u015bci i do\u015bwiadczenie fotografa, a tak\u017ce warto\u015b\u0107 i mo\u017cliwo\u015bci u\u017cytkowanego przez niego sprz\u0119tu<\/strong>. Obejmuje ona r\u00f3wnie\u017c stosowane przez studio zabezpieczenia zdj\u0119\u0107, chmury internetowe i galerie online dla klient\u00f3w czy oprogramowanie do obr\u00f3bki fotograficznej.<\/p>","protected":false},"excerpt":{"rendered":"<p>Planuj\u0105c od\u015bwie\u017cenie wizerunku sklepu internetowego czy strony deweloperskiej, stajemy przed konieczno\u015bci\u0105 wyboru fotografa, kt\u00f3ry ma nam w tym pom\u00f3c. Jakie czynniki nale\u017cy wzi\u0105\u0107 pod uwag\u0119 podczas poszukiwa\u0144, by uzyska\u0107 rezultat w postaci profesjonalnej i satysfakcjonuj\u0105cej sesji zdj\u0119ciowej?<\/p>","protected":false},"author":1,"featured_media":1723,"comment_status":"closed","ping_status":"open","sticky":false,"template":"","format":"standard","meta":{"site-sidebar-layout":"default","site-content-layout":"default","ast-site-content-layout":"default","site-content-style":"default","site-sidebar-style":"default","ast-global-header-display":"","ast-banner-title-visibility":"","ast-main-header-display":"","ast-hfb-above-header-display":"","ast-hfb-below-header-display":"","ast-hfb-mobile-header-display":"","site-post-title":"","ast-breadcrumbs-content":"","ast-featured-img":"","footer-sml-layout":"","ast-disable-related-posts":"","theme-transparent-header-meta":"default","adv-header-id-meta":"","stick-header-meta":"default","header-above-stick-meta":"","header-main-stick-meta":"","header-below-stick-meta":"","astra-migrate-meta-layouts":"default","ast-page-background-enabled":"default","ast-page-background-meta":{"desktop":{"background-color":"","background-image":"","background-repeat":"repeat","background-position":"center center","background-size":"auto","background-attachment":"scroll","background-type":"","background-media":"","overlay-type":"","overlay-color":"","overlay-opacity":"","overlay-gradient":""},"tablet":{"background-color":"","background-image":"","background-repeat":"repeat","background-position":"center center","background-size":"auto","background-attachment":"scroll","background-type":"","background-media":"","overlay-type":"","overlay-color":"","overlay-opacity":"","overlay-gradient":""},"mobile":{"background-color":"","background-image":"","background-repeat":"repeat","background-position":"center center","background-size":"auto","background-attachment":"scroll","background-type":"","background-media":"","overlay-type":"","overlay-color":"","overlay-opacity":"","overlay-gradient":""}},"ast-content-background-meta":{"desktop":{"background-color":"var(--ast-global-color-5)","background-image":"","background-repeat":"repeat","background-position":"center center","background-size":"auto","background-attachment":"scroll","background-type":"","background-media":"","overlay-type":"","overlay-color":"","overlay-opacity":"","overlay-gradient":""},"tablet":{"background-color":"var(--ast-global-color-5)","background-image":"","background-repeat":"repeat","background-position":"center center","background-size":"auto","background-attachment":"scroll","background-type":"","background-media":"","overlay-type":"","overlay-color":"","overlay-opacity":"","overlay-gradient":""},"mobile":{"background-color":"var(--ast-global-color-5)","background-image":"","background-repeat":"repeat","background-position":"center center","background-size":"auto","background-attachment":"scroll","background-type":"","background-media":"","overlay-type":"","overlay-color":"","overlay-opacity":"","overlay-gradient":""}},"footnotes":""},"categories":[21],"tags":[],"class_list":["post-1722","post","type-post","status-publish","format-standard","has-post-thumbnail","hentry","category-blog"],"yoast_head":"<!-- This site is optimized with the Yoast SEO plugin v27.5 - https:\/\/yoast.com\/product\/yoast-seo-wordpress\/ -->\n<title>Po czym rozpozna\u0107 ofert\u0119\u00a0profesjonalnego fotografa?<\/title>\n<meta name=\"description\" content=\"Szukaj\u0105c dobrego fotografa, warto zwr\u00f3ci\u0107 uwag\u0119 na kilka istotnych kryteri\u00f3w. Sprawd\u017a, po czym mo\u017cna rozpozna\u0107 dobrego fachowca w bran\u017cy fotograficznej.\" \/>\n<meta name=\"robots\" content=\"index, follow, max-snippet:-1, max-image-preview:large, max-video-preview:-1\" \/>\n<link rel=\"canonical\" href=\"https:\/\/photographic.pl\/en\/blog\/czym-sie-kierowac-szukajac-dobrego-fotografa\/\" \/>\n<meta property=\"og:locale\" content=\"en_GB\" \/>\n<meta property=\"og:type\" content=\"article\" \/>\n<meta property=\"og:title\" content=\"Po czym rozpozna\u0107 ofert\u0119\u00a0profesjonalnego fotografa?\" \/>\n<meta property=\"og:description\" content=\"Szukaj\u0105c dobrego fotografa, warto zwr\u00f3ci\u0107 uwag\u0119 na kilka istotnych kryteri\u00f3w. Sprawd\u017a, po czym mo\u017cna rozpozna\u0107 dobrego fachowca w bran\u017cy fotograficznej.\" \/>\n<meta property=\"og:url\" content=\"https:\/\/photographic.pl\/en\/blog\/czym-sie-kierowac-szukajac-dobrego-fotografa\/\" \/>\n<meta property=\"og:site_name\" content=\"photographic.pl\" \/>\n<meta property=\"article:publisher\" content=\"https:\/\/www.facebook.com\/FotografiaProduktowaReklamowa\" \/>\n<meta property=\"article:published_time\" content=\"2020-12-08T14:49:00+00:00\" \/>\n<meta property=\"article:modified_time\" content=\"2021-09-28T13:43:53+00:00\" \/>\n<meta property=\"og:image\" content=\"https:\/\/photographic.pl\/wp-content\/uploads\/2021\/01\/fotograf.jpg\" \/>\n\t<meta property=\"og:image:width\" content=\"1024\" \/>\n\t<meta property=\"og:image:height\" content=\"682\" \/>\n\t<meta property=\"og:image:type\" content=\"image\/jpeg\" \/>\n<meta name=\"author\" content=\"Andrzej Paszkowski\" \/>\n<meta name=\"twitter:card\" content=\"summary_large_image\" \/>\n<meta name=\"twitter:label1\" content=\"Written by\" \/>\n\t<meta name=\"twitter:data1\" content=\"Andrzej Paszkowski\" \/>\n\t<meta name=\"twitter:label2\" content=\"Estimated reading time\" \/>\n\t<meta name=\"twitter:data2\" content=\"2 minutes\" \/>\n<script type=\"application\/ld+json\" class=\"yoast-schema-graph\">{\"@context\":\"https:\\\/\\\/schema.org\",\"@graph\":[{\"@type\":\"Article\",\"@id\":\"https:\\\/\\\/photographic.pl\\\/blog\\\/czym-sie-kierowac-szukajac-dobrego-fotografa\\\/#article\",\"isPartOf\":{\"@id\":\"https:\\\/\\\/photographic.pl\\\/blog\\\/czym-sie-kierowac-szukajac-dobrego-fotografa\\\/\"},\"author\":{\"name\":\"Andrzej Paszkowski\",\"@id\":\"https:\\\/\\\/photographic.pl\\\/#\\\/schema\\\/person\\\/9239a21adc06b4a72960b9ad5644da2c\"},\"headline\":\"Czym si\u0119 kierowa\u0107 szukaj\u0105c dobrego fotografa\",\"datePublished\":\"2020-12-08T14:49:00+00:00\",\"dateModified\":\"2021-09-28T13:43:53+00:00\",\"mainEntityOfPage\":{\"@id\":\"https:\\\/\\\/photographic.pl\\\/blog\\\/czym-sie-kierowac-szukajac-dobrego-fotografa\\\/\"},\"wordCount\":440,\"publisher\":{\"@id\":\"https:\\\/\\\/photographic.pl\\\/#organization\"},\"image\":{\"@id\":\"https:\\\/\\\/photographic.pl\\\/blog\\\/czym-sie-kierowac-szukajac-dobrego-fotografa\\\/#primaryimage\"},\"thumbnailUrl\":\"https:\\\/\\\/photographic.pl\\\/wp-content\\\/uploads\\\/2021\\\/01\\\/fotograf.jpg\",\"articleSection\":[\"Blog\"],\"inLanguage\":\"en-GB\"},{\"@type\":\"WebPage\",\"@id\":\"https:\\\/\\\/photographic.pl\\\/blog\\\/czym-sie-kierowac-szukajac-dobrego-fotografa\\\/\",\"url\":\"https:\\\/\\\/photographic.pl\\\/blog\\\/czym-sie-kierowac-szukajac-dobrego-fotografa\\\/\",\"name\":\"Po czym rozpozna\u0107 ofert\u0119\u00a0profesjonalnego fotografa?\",\"isPartOf\":{\"@id\":\"https:\\\/\\\/photographic.pl\\\/#website\"},\"primaryImageOfPage\":{\"@id\":\"https:\\\/\\\/photographic.pl\\\/blog\\\/czym-sie-kierowac-szukajac-dobrego-fotografa\\\/#primaryimage\"},\"image\":{\"@id\":\"https:\\\/\\\/photographic.pl\\\/blog\\\/czym-sie-kierowac-szukajac-dobrego-fotografa\\\/#primaryimage\"},\"thumbnailUrl\":\"https:\\\/\\\/photographic.pl\\\/wp-content\\\/uploads\\\/2021\\\/01\\\/fotograf.jpg\",\"datePublished\":\"2020-12-08T14:49:00+00:00\",\"dateModified\":\"2021-09-28T13:43:53+00:00\",\"description\":\"Szukaj\u0105c dobrego fotografa, warto zwr\u00f3ci\u0107 uwag\u0119 na kilka istotnych kryteri\u00f3w. Sprawd\u017a, po czym mo\u017cna rozpozna\u0107 dobrego fachowca w bran\u017cy fotograficznej.\",\"breadcrumb\":{\"@id\":\"https:\\\/\\\/photographic.pl\\\/blog\\\/czym-sie-kierowac-szukajac-dobrego-fotografa\\\/#breadcrumb\"},\"inLanguage\":\"en-GB\",\"potentialAction\":[{\"@type\":\"ReadAction\",\"target\":[\"https:\\\/\\\/photographic.pl\\\/blog\\\/czym-sie-kierowac-szukajac-dobrego-fotografa\\\/\"]}]},{\"@type\":\"ImageObject\",\"inLanguage\":\"en-GB\",\"@id\":\"https:\\\/\\\/photographic.pl\\\/blog\\\/czym-sie-kierowac-szukajac-dobrego-fotografa\\\/#primaryimage\",\"url\":\"https:\\\/\\\/photographic.pl\\\/wp-content\\\/uploads\\\/2021\\\/01\\\/fotograf.jpg\",\"contentUrl\":\"https:\\\/\\\/photographic.pl\\\/wp-content\\\/uploads\\\/2021\\\/01\\\/fotograf.jpg\",\"width\":1024,\"height\":682,\"caption\":\"fotograf\"},{\"@type\":\"BreadcrumbList\",\"@id\":\"https:\\\/\\\/photographic.pl\\\/blog\\\/czym-sie-kierowac-szukajac-dobrego-fotografa\\\/#breadcrumb\",\"itemListElement\":[{\"@type\":\"ListItem\",\"position\":1,\"name\":\"Strona g\u0142\u00f3wna\",\"item\":\"https:\\\/\\\/photographic.pl\\\/\"},{\"@type\":\"ListItem\",\"position\":2,\"name\":\"Czym si\u0119 kierowa\u0107 szukaj\u0105c dobrego fotografa\"}]},{\"@type\":\"WebSite\",\"@id\":\"https:\\\/\\\/photographic.pl\\\/#website\",\"url\":\"https:\\\/\\\/photographic.pl\\\/\",\"name\":\"photographic.pl\",\"description\":\"Fotografia produktowa i reklamowa\",\"publisher\":{\"@id\":\"https:\\\/\\\/photographic.pl\\\/#organization\"},\"potentialAction\":[{\"@type\":\"SearchAction\",\"target\":{\"@type\":\"EntryPoint\",\"urlTemplate\":\"https:\\\/\\\/photographic.pl\\\/?s={search_term_string}\"},\"query-input\":{\"@type\":\"PropertyValueSpecification\",\"valueRequired\":true,\"valueName\":\"search_term_string\"}}],\"inLanguage\":\"en-GB\"},{\"@type\":\"Organization\",\"@id\":\"https:\\\/\\\/photographic.pl\\\/#organization\",\"name\":\"photographic.pl\",\"url\":\"https:\\\/\\\/photographic.pl\\\/\",\"logo\":{\"@type\":\"ImageObject\",\"inLanguage\":\"en-GB\",\"@id\":\"https:\\\/\\\/photographic.pl\\\/#\\\/schema\\\/logo\\\/image\\\/\",\"url\":\"https:\\\/\\\/photographic.pl\\\/wp-content\\\/uploads\\\/2020\\\/06\\\/photographic-logo-dark@.svg\",\"contentUrl\":\"https:\\\/\\\/photographic.pl\\\/wp-content\\\/uploads\\\/2020\\\/06\\\/photographic-logo-dark@.svg\",\"width\":1457,\"height\":190,\"caption\":\"photographic.pl\"},\"image\":{\"@id\":\"https:\\\/\\\/photographic.pl\\\/#\\\/schema\\\/logo\\\/image\\\/\"},\"sameAs\":[\"https:\\\/\\\/www.facebook.com\\\/FotografiaProduktowaReklamowa\",\"https:\\\/\\\/www.instagram.com\\\/photographic.pl_official\\\/\",\"https:\\\/\\\/www.linkedin.com\\\/company\\\/26187785\"]},{\"@type\":\"Person\",\"@id\":\"https:\\\/\\\/photographic.pl\\\/#\\\/schema\\\/person\\\/9239a21adc06b4a72960b9ad5644da2c\",\"name\":\"Andrzej Paszkowski\"}]}<\/script>\n<!-- \/ Yoast SEO plugin. -->","yoast_head_json":{"title":"Po czym rozpozna\u0107 ofert\u0119\u00a0profesjonalnego fotografa?","description":"Szukaj\u0105c dobrego fotografa, warto zwr\u00f3ci\u0107 uwag\u0119 na kilka istotnych kryteri\u00f3w. Sprawd\u017a, po czym mo\u017cna rozpozna\u0107 dobrego fachowca w bran\u017cy fotograficznej.","robots":{"index":"index","follow":"follow","max-snippet":"max-snippet:-1","max-image-preview":"max-image-preview:large","max-video-preview":"max-video-preview:-1"},"canonical":"https:\/\/photographic.pl\/en\/blog\/czym-sie-kierowac-szukajac-dobrego-fotografa\/","og_locale":"en_GB","og_type":"article","og_title":"Po czym rozpozna\u0107 ofert\u0119\u00a0profesjonalnego fotografa?","og_description":"Szukaj\u0105c dobrego fotografa, warto zwr\u00f3ci\u0107 uwag\u0119 na kilka istotnych kryteri\u00f3w. Sprawd\u017a, po czym mo\u017cna rozpozna\u0107 dobrego fachowca w bran\u017cy fotograficznej.","og_url":"https:\/\/photographic.pl\/en\/blog\/czym-sie-kierowac-szukajac-dobrego-fotografa\/","og_site_name":"photographic.pl","article_publisher":"https:\/\/www.facebook.com\/FotografiaProduktowaReklamowa","article_published_time":"2020-12-08T14:49:00+00:00","article_modified_time":"2021-09-28T13:43:53+00:00","og_image":[{"width":1024,"height":682,"url":"https:\/\/photographic.pl\/wp-content\/uploads\/2021\/01\/fotograf.jpg","type":"image\/jpeg"}],"author":"Andrzej Paszkowski","twitter_card":"summary_large_image","twitter_misc":{"Written by":"Andrzej Paszkowski","Estimated reading time":"2 minutes"},"schema":{"@context":"https:\/\/schema.org","@graph":[{"@type":"Article","@id":"https:\/\/photographic.pl\/blog\/czym-sie-kierowac-szukajac-dobrego-fotografa\/#article","isPartOf":{"@id":"https:\/\/photographic.pl\/blog\/czym-sie-kierowac-szukajac-dobrego-fotografa\/"},"author":{"name":"Andrzej Paszkowski","@id":"https:\/\/photographic.pl\/#\/schema\/person\/9239a21adc06b4a72960b9ad5644da2c"},"headline":"Czym si\u0119 kierowa\u0107 szukaj\u0105c dobrego fotografa","datePublished":"2020-12-08T14:49:00+00:00","dateModified":"2021-09-28T13:43:53+00:00","mainEntityOfPage":{"@id":"https:\/\/photographic.pl\/blog\/czym-sie-kierowac-szukajac-dobrego-fotografa\/"},"wordCount":440,"publisher":{"@id":"https:\/\/photographic.pl\/#organization"},"image":{"@id":"https:\/\/photographic.pl\/blog\/czym-sie-kierowac-szukajac-dobrego-fotografa\/#primaryimage"},"thumbnailUrl":"https:\/\/photographic.pl\/wp-content\/uploads\/2021\/01\/fotograf.jpg","articleSection":["Blog"],"inLanguage":"en-GB"},{"@type":"WebPage","@id":"https:\/\/photographic.pl\/blog\/czym-sie-kierowac-szukajac-dobrego-fotografa\/","url":"https:\/\/photographic.pl\/blog\/czym-sie-kierowac-szukajac-dobrego-fotografa\/","name":"Po czym rozpozna\u0107 ofert\u0119\u00a0profesjonalnego fotografa?","isPartOf":{"@id":"https:\/\/photographic.pl\/#website"},"primaryImageOfPage":{"@id":"https:\/\/photographic.pl\/blog\/czym-sie-kierowac-szukajac-dobrego-fotografa\/#primaryimage"},"image":{"@id":"https:\/\/photographic.pl\/blog\/czym-sie-kierowac-szukajac-dobrego-fotografa\/#primaryimage"},"thumbnailUrl":"https:\/\/photographic.pl\/wp-content\/uploads\/2021\/01\/fotograf.jpg","datePublished":"2020-12-08T14:49:00+00:00","dateModified":"2021-09-28T13:43:53+00:00","description":"Szukaj\u0105c dobrego fotografa, warto zwr\u00f3ci\u0107 uwag\u0119 na kilka istotnych kryteri\u00f3w. Sprawd\u017a, po czym mo\u017cna rozpozna\u0107 dobrego fachowca w bran\u017cy fotograficznej.","breadcrumb":{"@id":"https:\/\/photographic.pl\/blog\/czym-sie-kierowac-szukajac-dobrego-fotografa\/#breadcrumb"},"inLanguage":"en-GB","potentialAction":[{"@type":"ReadAction","target":["https:\/\/photographic.pl\/blog\/czym-sie-kierowac-szukajac-dobrego-fotografa\/"]}]},{"@type":"ImageObject","inLanguage":"en-GB","@id":"https:\/\/photographic.pl\/blog\/czym-sie-kierowac-szukajac-dobrego-fotografa\/#primaryimage","url":"https:\/\/photographic.pl\/wp-content\/uploads\/2021\/01\/fotograf.jpg","contentUrl":"https:\/\/photographic.pl\/wp-content\/uploads\/2021\/01\/fotograf.jpg","width":1024,"height":682,"caption":"fotograf"},{"@type":"BreadcrumbList","@id":"https:\/\/photographic.pl\/blog\/czym-sie-kierowac-szukajac-dobrego-fotografa\/#breadcrumb","itemListElement":[{"@type":"ListItem","position":1,"name":"Strona g\u0142\u00f3wna","item":"https:\/\/photographic.pl\/"},{"@type":"ListItem","position":2,"name":"Czym si\u0119 kierowa\u0107 szukaj\u0105c dobrego fotografa"}]},{"@type":"WebSite","@id":"https:\/\/photographic.pl\/#website","url":"https:\/\/photographic.pl\/","name":"photographic.pl","description":"Product and Advertising Photography","publisher":{"@id":"https:\/\/photographic.pl\/#organization"},"potentialAction":[{"@type":"SearchAction","target":{"@type":"EntryPoint","urlTemplate":"https:\/\/photographic.pl\/?s={search_term_string}"},"query-input":{"@type":"PropertyValueSpecification","valueRequired":true,"valueName":"search_term_string"}}],"inLanguage":"en-GB"},{"@type":"Organization","@id":"https:\/\/photographic.pl\/#organization","name":"photographic.pl","url":"https:\/\/photographic.pl\/","logo":{"@type":"ImageObject","inLanguage":"en-GB","@id":"https:\/\/photographic.pl\/#\/schema\/logo\/image\/","url":"https:\/\/photographic.pl\/wp-content\/uploads\/2020\/06\/photographic-logo-dark@.svg","contentUrl":"https:\/\/photographic.pl\/wp-content\/uploads\/2020\/06\/photographic-logo-dark@.svg","width":1457,"height":190,"caption":"photographic.pl"},"image":{"@id":"https:\/\/photographic.pl\/#\/schema\/logo\/image\/"},"sameAs":["https:\/\/www.facebook.com\/FotografiaProduktowaReklamowa","https:\/\/www.instagram.com\/photographic.pl_official\/","https:\/\/www.linkedin.com\/company\/26187785"]},{"@type":"Person","@id":"https:\/\/photographic.pl\/#\/schema\/person\/9239a21adc06b4a72960b9ad5644da2c","name":"Andrzej Paszkowski"}]}},"_links":{"self":[{"href":"https:\/\/photographic.pl\/en\/wp-json\/wp\/v2\/posts\/1722","targetHints":{"allow":["GET"]}}],"collection":[{"href":"https:\/\/photographic.pl\/en\/wp-json\/wp\/v2\/posts"}],"about":[{"href":"https:\/\/photographic.pl\/en\/wp-json\/wp\/v2\/types\/post"}],"author":[{"embeddable":true,"href":"https:\/\/photographic.pl\/en\/wp-json\/wp\/v2\/users\/1"}],"replies":[{"embeddable":true,"href":"https:\/\/photographic.pl\/en\/wp-json\/wp\/v2\/comments?post=1722"}],"version-history":[{"count":3,"href":"https:\/\/photographic.pl\/en\/wp-json\/wp\/v2\/posts\/1722\/revisions"}],"predecessor-version":[{"id":3302,"href":"https:\/\/photographic.pl\/en\/wp-json\/wp\/v2\/posts\/1722\/revisions\/3302"}],"wp:featuredmedia":[{"embeddable":true,"href":"https:\/\/photographic.pl\/en\/wp-json\/wp\/v2\/media\/1723"}],"wp:attachment":[{"href":"https:\/\/photographic.pl\/en\/wp-json\/wp\/v2\/media?parent=1722"}],"wp:term":[{"taxonomy":"category","embeddable":true,"href":"https:\/\/photographic.pl\/en\/wp-json\/wp\/v2\/categories?post=1722"},{"taxonomy":"post_tag","embeddable":true,"href":"https:\/\/photographic.pl\/en\/wp-json\/wp\/v2\/tags?post=1722"}],"curies":[{"name":"wp","href":"https:\/\/api.w.org\/{rel}","templated":true}]}}